{"id":230,"date":"2025-04-21T09:53:00","date_gmt":"2025-04-21T08:53:00","guid":{"rendered":"https:\/\/amicidilapierre.ch\/?p=230"},"modified":"2025-04-24T09:57:09","modified_gmt":"2025-04-24T08:57:09","slug":"assemblea-2025","status":"publish","type":"post","link":"https:\/\/amicidilapierre.ch\/?p=230","title":{"rendered":"Assemblea 2025"},"content":{"rendered":"\n<p>Care amiche e amici di ADL,<\/p>\n\n\n\n<p>vi invitiamo all\u2019assemblea ordinaria del 5 maggio prossimo che si svolger\u00e0 in modalit\u00e0 digitale via zoom. Sar\u00e0 possibile accedervi tramite questo link <\/p>\n\n\n\n<p><a href=\"https:\/\/eoc-ch.zoom.us\/j\/67240402656?pwd=c0Jnlx72XmQTnWueDaCbmyEQbLPW6U.1\">https:\/\/eoc-ch.zoom.us\/j\/67240402656?pwd=c0Jnlx72XmQTnWueDaCbmyEQbLPW6U.1<\/a><\/p>\n\n\n\n<figure class=\"wp-block-image size-large\"><img loading=\"lazy\" decoding=\"async\" width=\"580\" height=\"1024\" src=\"https:\/\/amicidilapierre.ch\/wp-content\/uploads\/2025\/04\/IMG_9378-580x1024.jpeg\" alt=\"\" class=\"wp-image-231\" srcset=\"https:\/\/amicidilapierre.ch\/wp-content\/uploads\/2025\/04\/IMG_9378-580x1024.jpeg 580w, https:\/\/amicidilapierre.ch\/wp-content\/uploads\/2025\/04\/IMG_9378-170x300.jpeg 170w, https:\/\/amicidilapierre.ch\/wp-content\/uploads\/2025\/04\/IMG_9378-768x1356.jpeg 768w, https:\/\/amicidilapierre.ch\/wp-content\/uploads\/2025\/04\/IMG_9378-870x1536.jpeg 870w, https:\/\/amicidilapierre.ch\/wp-content\/uploads\/2025\/04\/IMG_9378.jpeg 1099w\" sizes=\"auto, (max-width: 580px) 100vw, 580px\" \/><\/figure>\n","protected":false},"excerpt":{"rendered":"<p>Care amiche e amici di ADL, vi invitiamo all\u2019assemblea ordinaria del 5 maggio prossimo che si svolger\u00e0 in modalit\u00e0 digitale via zoom. Sar\u00e0 possibile accedervi tramite questo link https:\/\/eoc-ch.zoom.us\/j\/67240402656?pwd=c0Jnlx72XmQTnWueDaCbmyEQbLPW6U.1<\/p>\n","protected":false},"author":1,"featured_media":0,"comment_status":"closed","ping_status":"closed","sticky":false,"template":"","format":"standard","meta":{"footnotes":""},"categories":[1],"tags":[],"class_list":["post-230","post","type-post","status-publish","format-standard","hentry","category-generale"],"_links":{"self":[{"href":"https:\/\/amicidilapierre.ch\/index.php?rest_route=\/wp\/v2\/posts\/230","targetHints":{"allow":["GET"]}}],"collection":[{"href":"https:\/\/amicidilapierre.ch\/index.php?rest_route=\/wp\/v2\/posts"}],"about":[{"href":"https:\/\/amicidilapierre.ch\/index.php?rest_route=\/wp\/v2\/types\/post"}],"author":[{"embeddable":true,"href":"https:\/\/amicidilapierre.ch\/index.php?rest_route=\/wp\/v2\/users\/1"}],"replies":[{"embeddable":true,"href":"https:\/\/amicidilapierre.ch\/index.php?rest_route=%2Fwp%2Fv2%2Fcomments&post=230"}],"version-history":[{"count":1,"href":"https:\/\/amicidilapierre.ch\/index.php?rest_route=\/wp\/v2\/posts\/230\/revisions"}],"predecessor-version":[{"id":232,"href":"https:\/\/amicidilapierre.ch\/index.php?rest_route=\/wp\/v2\/posts\/230\/revisions\/232"}],"wp:attachment":[{"href":"https:\/\/amicidilapierre.ch\/index.php?rest_route=%2Fwp%2Fv2%2Fmedia&parent=230"}],"wp:term":[{"taxonomy":"category","embeddable":true,"href":"https:\/\/amicidilapierre.ch\/index.php?rest_route=%2Fwp%2Fv2%2Fcategories&post=230"},{"taxonomy":"post_tag","embeddable":true,"href":"https:\/\/amicidilapierre.ch\/index.php?rest_route=%2Fwp%2Fv2%2Ftags&post=230"}],"curies":[{"name":"wp","href":"https:\/\/api.w.org\/{rel}","templated":true}]}}