{"id":156,"date":"2018-03-29T12:09:19","date_gmt":"2018-03-29T11:09:19","guid":{"rendered":"http:\/\/amicidilapierre.ch\/?p=156"},"modified":"2018-03-29T12:12:07","modified_gmt":"2018-03-29T11:12:07","slug":"cena-indiana-2018","status":"publish","type":"post","link":"https:\/\/amicidilapierre.ch\/?p=156","title":{"rendered":"Cena indiana 2018"},"content":{"rendered":"<p>Lo scorso venerd\u00ec 23 marzo si \u00e8 svolta come da tradizione la cena indiana di beneficienza della nostra Associazione. \u00c8 stata uno un momento conviviale e, come sempre, davvero speciale! Anche quest&#8217;anno abbiamo registrato il tutto esaurito e le vostre generose offerte hanno contribuito a rendere di successo anche questa serata. Di seguito trovate alcune fotografie delle testimonianze portate da chi ha visitato di prima persona il centro ABC: sono state davvero molto toccanti!<\/p>\n<p>&nbsp;<\/p>\n<div id='gallery-1' class='gallery galleryid-156 gallery-columns-3 gallery-size-thumbnail'><dl class='gallery-item'>\n\t\t\t<dt class='gallery-icon landscape'>\n\t\t\t\t<a href='https:\/\/amicidilapierre.ch\/?attachment_id=159'><img loading=\"lazy\" decoding=\"async\" width=\"150\" height=\"150\" src=\"https:\/\/amicidilapierre.ch\/wp-content\/uploads\/2018\/03\/WhatsApp-Image-2018-03-25-at-20.25.04-150x150.jpeg\" class=\"attachment-thumbnail size-thumbnail\" alt=\"\" \/><\/a>\n\t\t\t<\/dt><\/dl><dl class='gallery-item'>\n\t\t\t<dt class='gallery-icon portrait'>\n\t\t\t\t<a href='https:\/\/amicidilapierre.ch\/?attachment_id=161'><img loading=\"lazy\" decoding=\"async\" width=\"150\" height=\"150\" src=\"https:\/\/amicidilapierre.ch\/wp-content\/uploads\/2018\/03\/WhatsApp-Image-2018-03-25-at-20.25.042-150x150.jpeg\" class=\"attachment-thumbnail size-thumbnail\" alt=\"\" \/><\/a>\n\t\t\t<\/dt><\/dl><dl class='gallery-item'>\n\t\t\t<dt class='gallery-icon portrait'>\n\t\t\t\t<a href='https:\/\/amicidilapierre.ch\/?attachment_id=160'><img loading=\"lazy\" decoding=\"async\" width=\"150\" height=\"150\" src=\"https:\/\/amicidilapierre.ch\/wp-content\/uploads\/2018\/03\/WhatsApp-Image-2018-03-25-at-20.25.041-150x150.jpeg\" class=\"attachment-thumbnail size-thumbnail\" alt=\"\" \/><\/a>\n\t\t\t<\/dt><\/dl><br style=\"clear: both\" \/><dl class='gallery-item'>\n\t\t\t<dt class='gallery-icon landscape'>\n\t\t\t\t<a href='https:\/\/amicidilapierre.ch\/?attachment_id=158'><img loading=\"lazy\" decoding=\"async\" width=\"150\" height=\"150\" src=\"https:\/\/amicidilapierre.ch\/wp-content\/uploads\/2018\/03\/Unknown-2-150x150.jpeg\" class=\"attachment-thumbnail size-thumbnail\" alt=\"\" \/><\/a>\n\t\t\t<\/dt><\/dl><dl class='gallery-item'>\n\t\t\t<dt class='gallery-icon landscape'>\n\t\t\t\t<a href='https:\/\/amicidilapierre.ch\/?attachment_id=157'><img loading=\"lazy\" decoding=\"async\" width=\"150\" height=\"150\" src=\"https:\/\/amicidilapierre.ch\/wp-content\/uploads\/2018\/03\/Unknown-1-150x150.jpeg\" class=\"attachment-thumbnail size-thumbnail\" alt=\"\" \/><\/a>\n\t\t\t<\/dt><\/dl>\n\t\t\t<br style='clear: both' \/>\n\t\t<\/div>\n\n","protected":false},"excerpt":{"rendered":"<p>Lo scorso venerd\u00ec 23 marzo si \u00e8 svolta come da tradizione la cena indiana di beneficienza della nostra Associazione. \u00c8 stata uno un momento conviviale e, come sempre, davvero speciale! [&hellip;]<\/p>\n","protected":false},"author":1,"featured_media":0,"comment_status":"open","ping_status":"closed","sticky":false,"template":"","format":"standard","meta":{"footnotes":""},"categories":[1],"tags":[],"class_list":["post-156","post","type-post","status-publish","format-standard","hentry","category-generale"],"_links":{"self":[{"href":"https:\/\/amicidilapierre.ch\/index.php?rest_route=\/wp\/v2\/posts\/156","targetHints":{"allow":["GET"]}}],"collection":[{"href":"https:\/\/amicidilapierre.ch\/index.php?rest_route=\/wp\/v2\/posts"}],"about":[{"href":"https:\/\/amicidilapierre.ch\/index.php?rest_route=\/wp\/v2\/types\/post"}],"author":[{"embeddable":true,"href":"https:\/\/amicidilapierre.ch\/index.php?rest_route=\/wp\/v2\/users\/1"}],"replies":[{"embeddable":true,"href":"https:\/\/amicidilapierre.ch\/index.php?rest_route=%2Fwp%2Fv2%2Fcomments&post=156"}],"version-history":[{"count":2,"href":"https:\/\/amicidilapierre.ch\/index.php?rest_route=\/wp\/v2\/posts\/156\/revisions"}],"predecessor-version":[{"id":163,"href":"https:\/\/amicidilapierre.ch\/index.php?rest_route=\/wp\/v2\/posts\/156\/revisions\/163"}],"wp:attachment":[{"href":"https:\/\/amicidilapierre.ch\/index.php?rest_route=%2Fwp%2Fv2%2Fmedia&parent=156"}],"wp:term":[{"taxonomy":"category","embeddable":true,"href":"https:\/\/amicidilapierre.ch\/index.php?rest_route=%2Fwp%2Fv2%2Fcategories&post=156"},{"taxonomy":"post_tag","embeddable":true,"href":"https:\/\/amicidilapierre.ch\/index.php?rest_route=%2Fwp%2Fv2%2Ftags&post=156"}],"curies":[{"name":"wp","href":"https:\/\/api.w.org\/{rel}","templated":true}]}}